{"id":4876,"date":"2024-02-17T13:32:58","date_gmt":"2024-02-17T12:32:58","guid":{"rendered":"https:\/\/www.petitecamarguealsacienne.com\/?p=4876"},"modified":"2024-02-17T13:39:13","modified_gmt":"2024-02-17T12:39:13","slug":"die-retter-von-biber-und-sumpfschildkroete","status":"publish","type":"post","link":"https:\/\/www.petitecamarguealsacienne.com\/de\/nachricht\/die-retter-von-biber-und-sumpfschildkroete\/","title":{"rendered":"Die Retter von Biber und Sumpfschildkroete"},"content":{"rendered":"<div class=\"wp-post-content\"><!-- zone:zn_pagebanner [0] --><br \/>\n\t\t<!-- \/zone:zn_pagebanner [0] --><br \/>\n<!-- zone:zn_text [1] --><\/p>\n<p>Eine Sendung von ARTE Regard<\/p>\n<ul>\n<li>Die Retter von Biber und Sumpfschildkroete<a href=\"https:\/\/www.arte.tv\/de\/videos\/110313-005-A\/re-die-retter-von-biber-und-sumpfschildkroete\" target=\"_blank\" rel=\"noopener\"><img loading=\"lazy\" decoding=\"async\" class=\"alignnone size-medium wp-image-4872\" src=\"https:\/\/www.petitecamarguealsacienne.com\/wp-inside\/uploads\/2024\/02\/castors-cistudes-2-480x140.jpg\" alt=\"\" width=\"480\" height=\"140\" srcset=\"https:\/\/www.petitecamarguealsacienne.com\/wp-inside\/uploads\/2024\/02\/castors-cistudes-2-480x140.jpg 480w, https:\/\/www.petitecamarguealsacienne.com\/wp-inside\/uploads\/2024\/02\/castors-cistudes-2.jpg 700w\" sizes=\"auto, (max-width: 480px) 100vw, 480px\" \/><\/a><\/li>\n<\/ul>\n<p>\t\t\t<!-- \/zone:zn_text [1] -->\n<\/div>\n","protected":false},"excerpt":{"rendered":"<p>Eine Sendung von ARTE Regard Die Retter von Biber und Sumpfschildkroete<\/p>\n","protected":false},"author":2,"featured_media":0,"comment_status":"closed","ping_status":"closed","sticky":false,"template":"","format":"standard","meta":{"_acf_changed":false,"footnotes":""},"categories":[15],"tags":[],"class_list":["post-4876","post","type-post","status-publish","format-standard","hentry","category-nachricht","wp-sticky"],"acf":[],"yoast_head":"<!-- This site is optimized with the Yoast SEO plugin v27.4 - https:\/\/yoast.com\/product\/yoast-seo-wordpress\/ -->\n<title>Die Retter von Biber und Sumpfschildkroete | La Petite Camargue Alsacienne<\/title>\n<meta name=\"robots\" content=\"index, follow, max-snippet:-1, max-image-preview:large, max-video-preview:-1\" \/>\n<link rel=\"canonical\" href=\"https:\/\/www.petitecamarguealsacienne.com\/de\/nachricht\/die-retter-von-biber-und-sumpfschildkroete\/\" \/>\n<meta property=\"og:locale\" content=\"de_DE\" \/>\n<meta property=\"og:type\" content=\"article\" \/>\n<meta property=\"og:title\" content=\"Die Retter von Biber und Sumpfschildkroete | La Petite Camargue Alsacienne\" \/>\n<meta property=\"og:description\" content=\"Eine Sendung von ARTE Regard Die Retter von Biber und Sumpfschildkroete\" \/>\n<meta property=\"og:url\" content=\"https:\/\/www.petitecamarguealsacienne.com\/de\/nachricht\/die-retter-von-biber-und-sumpfschildkroete\/\" \/>\n<meta property=\"og:site_name\" content=\"La Petite Camargue Alsacienne\" \/>\n<meta property=\"article:publisher\" content=\"https:\/\/www.facebook.com\/people\/Petite-Camargue-Alsacienne\/100072042215750\/\" \/>\n<meta property=\"article:published_time\" content=\"2024-02-17T12:32:58+00:00\" \/>\n<meta property=\"article:modified_time\" content=\"2024-02-17T12:39:13+00:00\" \/>\n<meta property=\"og:image\" content=\"https:\/\/www.petitecamarguealsacienne.com\/wp-inside\/uploads\/2024\/02\/castors-cistudes-2-480x140.jpg\" \/>\n<meta name=\"author\" content=\"Guy Fuchs\" \/>\n<meta name=\"twitter:card\" content=\"summary_large_image\" \/>\n<meta name=\"twitter:label1\" content=\"Verfasst von\" \/>\n\t<meta name=\"twitter:data1\" content=\"Guy Fuchs\" \/>\n<script type=\"application\/ld+json\" class=\"yoast-schema-graph\">{\"@context\":\"https:\\\/\\\/schema.org\",\"@graph\":[{\"@type\":\"NewsArticle\",\"@id\":\"https:\\\/\\\/www.petitecamarguealsacienne.com\\\/de\\\/nachricht\\\/die-retter-von-biber-und-sumpfschildkroete\\\/#article\",\"isPartOf\":{\"@id\":\"https:\\\/\\\/www.petitecamarguealsacienne.com\\\/de\\\/nachricht\\\/die-retter-von-biber-und-sumpfschildkroete\\\/\"},\"author\":{\"name\":\"Guy Fuchs\",\"@id\":\"https:\\\/\\\/www.petitecamarguealsacienne.com\\\/de\\\/#\\\/schema\\\/person\\\/b0c2de607c3705b75bcc5358a50a1acd\"},\"headline\":\"Die Retter von Biber und Sumpfschildkroete\",\"datePublished\":\"2024-02-17T12:32:58+00:00\",\"dateModified\":\"2024-02-17T12:39:13+00:00\",\"mainEntityOfPage\":{\"@id\":\"https:\\\/\\\/www.petitecamarguealsacienne.com\\\/de\\\/nachricht\\\/die-retter-von-biber-und-sumpfschildkroete\\\/\"},\"wordCount\":17,\"publisher\":{\"@id\":\"https:\\\/\\\/www.petitecamarguealsacienne.com\\\/de\\\/#organization\"},\"image\":{\"@id\":\"https:\\\/\\\/www.petitecamarguealsacienne.com\\\/de\\\/nachricht\\\/die-retter-von-biber-und-sumpfschildkroete\\\/#primaryimage\"},\"thumbnailUrl\":\"https:\\\/\\\/www.petitecamarguealsacienne.com\\\/wp-inside\\\/uploads\\\/2024\\\/02\\\/castors-cistudes-2-480x140.jpg\",\"articleSection\":[\"Nachricht\"],\"inLanguage\":\"de\"},{\"@type\":\"WebPage\",\"@id\":\"https:\\\/\\\/www.petitecamarguealsacienne.com\\\/de\\\/nachricht\\\/die-retter-von-biber-und-sumpfschildkroete\\\/\",\"url\":\"https:\\\/\\\/www.petitecamarguealsacienne.com\\\/de\\\/nachricht\\\/die-retter-von-biber-und-sumpfschildkroete\\\/\",\"name\":\"Die Retter von Biber und Sumpfschildkroete\",\"isPartOf\":{\"@id\":\"https:\\\/\\\/www.petitecamarguealsacienne.com\\\/de\\\/#website\"},\"primaryImageOfPage\":{\"@id\":\"https:\\\/\\\/www.petitecamarguealsacienne.com\\\/de\\\/nachricht\\\/die-retter-von-biber-und-sumpfschildkroete\\\/#primaryimage\"},\"image\":{\"@id\":\"https:\\\/\\\/www.petitecamarguealsacienne.com\\\/de\\\/nachricht\\\/die-retter-von-biber-und-sumpfschildkroete\\\/#primaryimage\"},\"thumbnailUrl\":\"https:\\\/\\\/www.petitecamarguealsacienne.com\\\/wp-inside\\\/uploads\\\/2024\\\/02\\\/castors-cistudes-2-480x140.jpg\",\"datePublished\":\"2024-02-17T12:32:58+00:00\",\"dateModified\":\"2024-02-17T12:39:13+00:00\",\"breadcrumb\":{\"@id\":\"https:\\\/\\\/www.petitecamarguealsacienne.com\\\/de\\\/nachricht\\\/die-retter-von-biber-und-sumpfschildkroete\\\/#breadcrumb\"},\"inLanguage\":\"de\",\"potentialAction\":[{\"@type\":\"ReadAction\",\"target\":[\"https:\\\/\\\/www.petitecamarguealsacienne.com\\\/de\\\/nachricht\\\/die-retter-von-biber-und-sumpfschildkroete\\\/\"]}]},{\"@type\":\"ImageObject\",\"inLanguage\":\"de\",\"@id\":\"https:\\\/\\\/www.petitecamarguealsacienne.com\\\/de\\\/nachricht\\\/die-retter-von-biber-und-sumpfschildkroete\\\/#primaryimage\",\"url\":\"https:\\\/\\\/www.petitecamarguealsacienne.com\\\/wp-inside\\\/uploads\\\/2024\\\/02\\\/castors-cistudes-2-480x140.jpg\",\"contentUrl\":\"https:\\\/\\\/www.petitecamarguealsacienne.com\\\/wp-inside\\\/uploads\\\/2024\\\/02\\\/castors-cistudes-2-480x140.jpg\"},{\"@type\":\"BreadcrumbList\",\"@id\":\"https:\\\/\\\/www.petitecamarguealsacienne.com\\\/de\\\/nachricht\\\/die-retter-von-biber-und-sumpfschildkroete\\\/#breadcrumb\",\"itemListElement\":[{\"@type\":\"ListItem\",\"position\":1,\"name\":\"Startseite\",\"item\":\"https:\\\/\\\/www.petitecamarguealsacienne.com\\\/de\\\/\"},{\"@type\":\"ListItem\",\"position\":2,\"name\":\"Nachricht\",\"item\":\"https:\\\/\\\/www.petitecamarguealsacienne.com\\\/de\\\/nachricht\\\/\"},{\"@type\":\"ListItem\",\"position\":3,\"name\":\"Die Retter von Biber und Sumpfschildkroete\"}]},{\"@type\":\"WebSite\",\"@id\":\"https:\\\/\\\/www.petitecamarguealsacienne.com\\\/de\\\/#website\",\"url\":\"https:\\\/\\\/www.petitecamarguealsacienne.com\\\/de\\\/\",\"name\":\"La Petite Camargue Alsacienne\",\"description\":\"R\u00e9serve Naturelle au c\u0153ur de la plaine rh\u00e9nane alluviale\",\"publisher\":{\"@id\":\"https:\\\/\\\/www.petitecamarguealsacienne.com\\\/de\\\/#organization\"},\"alternateName\":\"PCA\",\"potentialAction\":[{\"@type\":\"SearchAction\",\"target\":{\"@type\":\"EntryPoint\",\"urlTemplate\":\"https:\\\/\\\/www.petitecamarguealsacienne.com\\\/de\\\/?s={search_term_string}\"},\"query-input\":{\"@type\":\"PropertyValueSpecification\",\"valueRequired\":true,\"valueName\":\"search_term_string\"}}],\"inLanguage\":\"de\"},{\"@type\":\"Organization\",\"@id\":\"https:\\\/\\\/www.petitecamarguealsacienne.com\\\/de\\\/#organization\",\"name\":\"Petite Camargue Alsacienne\",\"alternateName\":\"PCA\",\"url\":\"https:\\\/\\\/www.petitecamarguealsacienne.com\\\/de\\\/\",\"logo\":{\"@type\":\"ImageObject\",\"inLanguage\":\"de\",\"@id\":\"https:\\\/\\\/www.petitecamarguealsacienne.com\\\/de\\\/#\\\/schema\\\/logo\\\/image\\\/\",\"url\":\"https:\\\/\\\/www.petitecamarguealsacienne.com\\\/wp-inside\\\/uploads\\\/2022\\\/10\\\/logo-petite-camargue-alsacienne.png\",\"contentUrl\":\"https:\\\/\\\/www.petitecamarguealsacienne.com\\\/wp-inside\\\/uploads\\\/2022\\\/10\\\/logo-petite-camargue-alsacienne.png\",\"width\":194,\"height\":168,\"caption\":\"Petite Camargue Alsacienne\"},\"image\":{\"@id\":\"https:\\\/\\\/www.petitecamarguealsacienne.com\\\/de\\\/#\\\/schema\\\/logo\\\/image\\\/\"},\"sameAs\":[\"https:\\\/\\\/www.facebook.com\\\/people\\\/Petite-Camargue-Alsacienne\\\/100072042215750\\\/\",\"https:\\\/\\\/www.flickr.com\\\/groups\\\/petitecamarguealsacienne\\\/\"]},{\"@type\":\"Person\",\"@id\":\"https:\\\/\\\/www.petitecamarguealsacienne.com\\\/de\\\/#\\\/schema\\\/person\\\/b0c2de607c3705b75bcc5358a50a1acd\",\"name\":\"Guy Fuchs\",\"image\":{\"@type\":\"ImageObject\",\"inLanguage\":\"de\",\"@id\":\"https:\\\/\\\/secure.gravatar.com\\\/avatar\\\/81f929ef88253f4d71f748b4524ec2cfbdd34b164e7464aec8e63be0f59847fa?s=96&d=mm&r=g\",\"url\":\"https:\\\/\\\/secure.gravatar.com\\\/avatar\\\/81f929ef88253f4d71f748b4524ec2cfbdd34b164e7464aec8e63be0f59847fa?s=96&d=mm&r=g\",\"contentUrl\":\"https:\\\/\\\/secure.gravatar.com\\\/avatar\\\/81f929ef88253f4d71f748b4524ec2cfbdd34b164e7464aec8e63be0f59847fa?s=96&d=mm&r=g\",\"caption\":\"Guy Fuchs\"}}]}<\/script>\n<!-- \/ Yoast SEO plugin. -->","yoast_head_json":{"title":"Die Retter von Biber und Sumpfschildkroete | La Petite Camargue Alsacienne","robots":{"index":"index","follow":"follow","max-snippet":"max-snippet:-1","max-image-preview":"max-image-preview:large","max-video-preview":"max-video-preview:-1"},"canonical":"https:\/\/www.petitecamarguealsacienne.com\/de\/nachricht\/die-retter-von-biber-und-sumpfschildkroete\/","og_locale":"de_DE","og_type":"article","og_title":"Die Retter von Biber und Sumpfschildkroete | La Petite Camargue Alsacienne","og_description":"Eine Sendung von ARTE Regard Die Retter von Biber und Sumpfschildkroete","og_url":"https:\/\/www.petitecamarguealsacienne.com\/de\/nachricht\/die-retter-von-biber-und-sumpfschildkroete\/","og_site_name":"La Petite Camargue Alsacienne","article_publisher":"https:\/\/www.facebook.com\/people\/Petite-Camargue-Alsacienne\/100072042215750\/","article_published_time":"2024-02-17T12:32:58+00:00","article_modified_time":"2024-02-17T12:39:13+00:00","og_image":[{"url":"https:\/\/www.petitecamarguealsacienne.com\/wp-inside\/uploads\/2024\/02\/castors-cistudes-2-480x140.jpg","type":"","width":"","height":""}],"author":"Guy Fuchs","twitter_card":"summary_large_image","twitter_misc":{"Verfasst von":"Guy Fuchs"},"schema":{"@context":"https:\/\/schema.org","@graph":[{"@type":"NewsArticle","@id":"https:\/\/www.petitecamarguealsacienne.com\/de\/nachricht\/die-retter-von-biber-und-sumpfschildkroete\/#article","isPartOf":{"@id":"https:\/\/www.petitecamarguealsacienne.com\/de\/nachricht\/die-retter-von-biber-und-sumpfschildkroete\/"},"author":{"name":"Guy Fuchs","@id":"https:\/\/www.petitecamarguealsacienne.com\/de\/#\/schema\/person\/b0c2de607c3705b75bcc5358a50a1acd"},"headline":"Die Retter von Biber und Sumpfschildkroete","datePublished":"2024-02-17T12:32:58+00:00","dateModified":"2024-02-17T12:39:13+00:00","mainEntityOfPage":{"@id":"https:\/\/www.petitecamarguealsacienne.com\/de\/nachricht\/die-retter-von-biber-und-sumpfschildkroete\/"},"wordCount":17,"publisher":{"@id":"https:\/\/www.petitecamarguealsacienne.com\/de\/#organization"},"image":{"@id":"https:\/\/www.petitecamarguealsacienne.com\/de\/nachricht\/die-retter-von-biber-und-sumpfschildkroete\/#primaryimage"},"thumbnailUrl":"https:\/\/www.petitecamarguealsacienne.com\/wp-inside\/uploads\/2024\/02\/castors-cistudes-2-480x140.jpg","articleSection":["Nachricht"],"inLanguage":"de"},{"@type":"WebPage","@id":"https:\/\/www.petitecamarguealsacienne.com\/de\/nachricht\/die-retter-von-biber-und-sumpfschildkroete\/","url":"https:\/\/www.petitecamarguealsacienne.com\/de\/nachricht\/die-retter-von-biber-und-sumpfschildkroete\/","name":"Die Retter von Biber und Sumpfschildkroete","isPartOf":{"@id":"https:\/\/www.petitecamarguealsacienne.com\/de\/#website"},"primaryImageOfPage":{"@id":"https:\/\/www.petitecamarguealsacienne.com\/de\/nachricht\/die-retter-von-biber-und-sumpfschildkroete\/#primaryimage"},"image":{"@id":"https:\/\/www.petitecamarguealsacienne.com\/de\/nachricht\/die-retter-von-biber-und-sumpfschildkroete\/#primaryimage"},"thumbnailUrl":"https:\/\/www.petitecamarguealsacienne.com\/wp-inside\/uploads\/2024\/02\/castors-cistudes-2-480x140.jpg","datePublished":"2024-02-17T12:32:58+00:00","dateModified":"2024-02-17T12:39:13+00:00","breadcrumb":{"@id":"https:\/\/www.petitecamarguealsacienne.com\/de\/nachricht\/die-retter-von-biber-und-sumpfschildkroete\/#breadcrumb"},"inLanguage":"de","potentialAction":[{"@type":"ReadAction","target":["https:\/\/www.petitecamarguealsacienne.com\/de\/nachricht\/die-retter-von-biber-und-sumpfschildkroete\/"]}]},{"@type":"ImageObject","inLanguage":"de","@id":"https:\/\/www.petitecamarguealsacienne.com\/de\/nachricht\/die-retter-von-biber-und-sumpfschildkroete\/#primaryimage","url":"https:\/\/www.petitecamarguealsacienne.com\/wp-inside\/uploads\/2024\/02\/castors-cistudes-2-480x140.jpg","contentUrl":"https:\/\/www.petitecamarguealsacienne.com\/wp-inside\/uploads\/2024\/02\/castors-cistudes-2-480x140.jpg"},{"@type":"BreadcrumbList","@id":"https:\/\/www.petitecamarguealsacienne.com\/de\/nachricht\/die-retter-von-biber-und-sumpfschildkroete\/#breadcrumb","itemListElement":[{"@type":"ListItem","position":1,"name":"Startseite","item":"https:\/\/www.petitecamarguealsacienne.com\/de\/"},{"@type":"ListItem","position":2,"name":"Nachricht","item":"https:\/\/www.petitecamarguealsacienne.com\/de\/nachricht\/"},{"@type":"ListItem","position":3,"name":"Die Retter von Biber und Sumpfschildkroete"}]},{"@type":"WebSite","@id":"https:\/\/www.petitecamarguealsacienne.com\/de\/#website","url":"https:\/\/www.petitecamarguealsacienne.com\/de\/","name":"La Petite Camargue Alsacienne","description":"R\u00e9serve Naturelle au c\u0153ur de la plaine rh\u00e9nane alluviale","publisher":{"@id":"https:\/\/www.petitecamarguealsacienne.com\/de\/#organization"},"alternateName":"PCA","potentialAction":[{"@type":"SearchAction","target":{"@type":"EntryPoint","urlTemplate":"https:\/\/www.petitecamarguealsacienne.com\/de\/?s={search_term_string}"},"query-input":{"@type":"PropertyValueSpecification","valueRequired":true,"valueName":"search_term_string"}}],"inLanguage":"de"},{"@type":"Organization","@id":"https:\/\/www.petitecamarguealsacienne.com\/de\/#organization","name":"Petite Camargue Alsacienne","alternateName":"PCA","url":"https:\/\/www.petitecamarguealsacienne.com\/de\/","logo":{"@type":"ImageObject","inLanguage":"de","@id":"https:\/\/www.petitecamarguealsacienne.com\/de\/#\/schema\/logo\/image\/","url":"https:\/\/www.petitecamarguealsacienne.com\/wp-inside\/uploads\/2022\/10\/logo-petite-camargue-alsacienne.png","contentUrl":"https:\/\/www.petitecamarguealsacienne.com\/wp-inside\/uploads\/2022\/10\/logo-petite-camargue-alsacienne.png","width":194,"height":168,"caption":"Petite Camargue Alsacienne"},"image":{"@id":"https:\/\/www.petitecamarguealsacienne.com\/de\/#\/schema\/logo\/image\/"},"sameAs":["https:\/\/www.facebook.com\/people\/Petite-Camargue-Alsacienne\/100072042215750\/","https:\/\/www.flickr.com\/groups\/petitecamarguealsacienne\/"]},{"@type":"Person","@id":"https:\/\/www.petitecamarguealsacienne.com\/de\/#\/schema\/person\/b0c2de607c3705b75bcc5358a50a1acd","name":"Guy Fuchs","image":{"@type":"ImageObject","inLanguage":"de","@id":"https:\/\/secure.gravatar.com\/avatar\/81f929ef88253f4d71f748b4524ec2cfbdd34b164e7464aec8e63be0f59847fa?s=96&d=mm&r=g","url":"https:\/\/secure.gravatar.com\/avatar\/81f929ef88253f4d71f748b4524ec2cfbdd34b164e7464aec8e63be0f59847fa?s=96&d=mm&r=g","contentUrl":"https:\/\/secure.gravatar.com\/avatar\/81f929ef88253f4d71f748b4524ec2cfbdd34b164e7464aec8e63be0f59847fa?s=96&d=mm&r=g","caption":"Guy Fuchs"}}]}},"_links":{"self":[{"href":"https:\/\/www.petitecamarguealsacienne.com\/de\/wp-json\/wp\/v2\/posts\/4876","targetHints":{"allow":["GET"]}}],"collection":[{"href":"https:\/\/www.petitecamarguealsacienne.com\/de\/wp-json\/wp\/v2\/posts"}],"about":[{"href":"https:\/\/www.petitecamarguealsacienne.com\/de\/wp-json\/wp\/v2\/types\/post"}],"author":[{"embeddable":true,"href":"https:\/\/www.petitecamarguealsacienne.com\/de\/wp-json\/wp\/v2\/users\/2"}],"replies":[{"embeddable":true,"href":"https:\/\/www.petitecamarguealsacienne.com\/de\/wp-json\/wp\/v2\/comments?post=4876"}],"version-history":[{"count":1,"href":"https:\/\/www.petitecamarguealsacienne.com\/de\/wp-json\/wp\/v2\/posts\/4876\/revisions"}],"predecessor-version":[{"id":4877,"href":"https:\/\/www.petitecamarguealsacienne.com\/de\/wp-json\/wp\/v2\/posts\/4876\/revisions\/4877"}],"wp:attachment":[{"href":"https:\/\/www.petitecamarguealsacienne.com\/de\/wp-json\/wp\/v2\/media?parent=4876"}],"wp:term":[{"taxonomy":"category","embeddable":true,"href":"https:\/\/www.petitecamarguealsacienne.com\/de\/wp-json\/wp\/v2\/categories?post=4876"},{"taxonomy":"post_tag","embeddable":true,"href":"https:\/\/www.petitecamarguealsacienne.com\/de\/wp-json\/wp\/v2\/tags?post=4876"}],"curies":[{"name":"wp","href":"https:\/\/api.w.org\/{rel}","templated":true}]}}